{"headers": {"id": "ID", "ano": "Ano", "numero": "N\u00famero", "tipo__sigla": "Tipo de Mat\u00e9ria Legislativa/Sigla", "tipo__descricao": "Tipo de Mat\u00e9ria Legislativa/Descri\u00e7\u00e3o", "autoria": "Autorias", "texto_original": "Texto Original", "ementa": "Ementa"}, "results": [{"id": "254", "ano": "2025", "numero": "1", "tipo__sigla": "REQ", "tipo__descricao": "Requerimento", "autoria": "Marcinho Rocha", "texto_original": "http://sapl.cacimbadedentro.pb.leg.br/media/sapl/public/materialegislativa/2025/254/requerimeno_01_-_marcinho.pdf", "ementa": "Requer limpeza do bueiro da Rua Get\u00falio Vargas, em car\u00e1ter de urg\u00eancia."}, {"id": "255", "ano": "2025", "numero": "2", "tipo__sigla": "REQ", "tipo__descricao": "Requerimento", "autoria": "Marcinho Rocha", "texto_original": "http://sapl.cacimbadedentro.pb.leg.br/media/sapl/public/materialegislativa/2025/255/requerimento_02_-_marcinho.pdf", "ementa": "Implanta\u00e7\u00e3o de um hospital veterin\u00e1rio no Munic\u00edpio."}, {"id": "256", "ano": "2025", "numero": "3", "tipo__sigla": "REQ", "tipo__descricao": "Requerimento", "autoria": "Marcinho Rocha", "texto_original": "http://sapl.cacimbadedentro.pb.leg.br/media/sapl/public/materialegislativa/2025/256/requerimento_03_-_marcinho.pdf", "ementa": "Requer a reforma e padroniza\u00e7\u00e3o da Pra\u00e7a P\u00fablica, localizada no Conjunto Frei Dami\u00e3o."}, {"id": "257", "ano": "2025", "numero": "4", "tipo__sigla": "REQ", "tipo__descricao": "Requerimento", "autoria": "Marcinho Rocha", "texto_original": "http://sapl.cacimbadedentro.pb.leg.br/media/sapl/public/materialegislativa/2025/257/requerimento_04_-_marcinho.pdf", "ementa": "Requer a an\u00e1lise e viabiliza\u00e7\u00e3o da implanta\u00e7\u00e3o de sistema solar nos pr\u00e9dios p\u00fablicos e escolas municipais."}, {"id": "258", "ano": "2025", "numero": "5", "tipo__sigla": "REQ", "tipo__descricao": "Requerimento", "autoria": "Marcinho Rocha", "texto_original": "http://sapl.cacimbadedentro.pb.leg.br/media/sapl/public/materialegislativa/2025/258/requerimento_05_-_marcinho.pdf", "ementa": "Implementa\u00e7\u00e3o da Frota Verde."}, {"id": "259", "ano": "2025", "numero": "6", "tipo__sigla": "REQ", "tipo__descricao": "Requerimento", "autoria": "Marcinho Rocha", "texto_original": "http://sapl.cacimbadedentro.pb.leg.br/media/sapl/public/materialegislativa/2025/259/requerimento_06_-_marcinho.pdf", "ementa": "Pavimenta\u00e7\u00e3o da pavimenta\u00e7\u00e3o da Rua dos Pedros, no Distrito de Logradouro."}, {"id": "260", "ano": "2025", "numero": "7", "tipo__sigla": "REQ", "tipo__descricao": "Requerimento", "autoria": "Marcinho Rocha", "texto_original": "http://sapl.cacimbadedentro.pb.leg.br/media/sapl/public/materialegislativa/2025/260/requerimento_07_-_marcinho.pdf", "ementa": "Cronograma de coleta de lixo, no Distrito de Logradouro."}, {"id": "261", "ano": "2025", "numero": "8", "tipo__sigla": "REQ", "tipo__descricao": "Requerimento", "autoria": "Marcinho Rocha", "texto_original": "http://sapl.cacimbadedentro.pb.leg.br/media/sapl/public/materialegislativa/2025/261/requerimento_08_-_marcinho.pdf", "ementa": "Disp\u00f5es sobre sobre a retirada do pequeno lix\u00e3o, em frente a lagoa da caibreira, no Distrito de Logradouro."}, {"id": "262", "ano": "2025", "numero": "9", "tipo__sigla": "REQ", "tipo__descricao": "Requerimento", "autoria": "Marcinho Rocha", "texto_original": "http://sapl.cacimbadedentro.pb.leg.br/media/sapl/public/materialegislativa/2025/262/requerimento_09_-_marcinho.pdf", "ementa": "Requer a pavimenta\u00e7\u00e3o da travessa que conecta a Rua da Barra com a Escola Lu\u00eds Manoel, no Distrito de Logradouro."}, {"id": "263", "ano": "2025", "numero": "10", "tipo__sigla": "REQ", "tipo__descricao": "Requerimento", "autoria": "Cristiano", "texto_original": "http://sapl.cacimbadedentro.pb.leg.br/media/sapl/public/materialegislativa/2025/263/requerimento_cristiano_001-2025.doc", "ementa": "Requer que seja solicitado a CAGEPA PB liga\u00e7\u00e3o D\u2019agua na comunidade de Lagoa de Pedra."}, {"id": "264", "ano": "2025", "numero": "11", "tipo__sigla": "REQ", "tipo__descricao": "Requerimento", "autoria": "Ronaldo Gomes", "texto_original": "http://sapl.cacimbadedentro.pb.leg.br/media/sapl/public/materialegislativa/2025/264/requerimento_ronaldo_001-2025.doc", "ementa": "Requer que seja feito uma passagem molhada no S\u00edtio Capivara, nas imedia\u00e7\u00f5es da resid\u00eancia do Sr. Jo\u00e3o Dondon, no Munic\u00edpio de Cacimba de Dentro."}, {"id": "265", "ano": "2025", "numero": "12", "tipo__sigla": "REQ", "tipo__descricao": "Requerimento", "autoria": "Ronaldo Gomes", "texto_original": "http://sapl.cacimbadedentro.pb.leg.br/media/sapl/public/materialegislativa/2025/265/requerimento_ronaldo_002-2025.doc", "ementa": "Requer a concess\u00e3o de transporte universit\u00e1rio gratuito para o Munic\u00edpio de Campina Grande-PB, no per\u00edodo noturno, durante este ano de 2025."}, {"id": "266", "ano": "2025", "numero": "13", "tipo__sigla": "REQ", "tipo__descricao": "Requerimento", "autoria": "J\u00fanior de Logradouro", "texto_original": "http://sapl.cacimbadedentro.pb.leg.br/media/sapl/public/materialegislativa/2025/266/requerimento_01_-_junior.pdf", "ementa": "Requer que seja enviado \u00e0 Cagepa pedido de liga\u00e7\u00e3o de \u00e1gua em algumas ruas do Distrito de Logradouro."}, {"id": "267", "ano": "2025", "numero": "14", "tipo__sigla": "REQ", "tipo__descricao": "Requerimento", "autoria": "Robinho Ferreira", "texto_original": "http://sapl.cacimbadedentro.pb.leg.br/media/sapl/public/materialegislativa/2025/267/requerimento_robinho_001-2025.doc", "ementa": "Requer a a implanta\u00e7\u00e3o de um Parque Infantil, feito de madeira, na Pra\u00e7a do Conjunto Frei Dami\u00e3o."}, {"id": "268", "ano": "2025", "numero": "15", "tipo__sigla": "REQ", "tipo__descricao": "Requerimento", "autoria": "Robinho Ferreira", "texto_original": "http://sapl.cacimbadedentro.pb.leg.br/media/sapl/public/materialegislativa/2025/268/requerimento_robinho_002-2025.doc", "ementa": "Requer a implanta\u00e7\u00e3o de um Espa\u00e7o Pet, na Pra\u00e7a do Conjunto Frei Dami\u00e3o."}, {"id": "270", "ano": "2025", "numero": "16", "tipo__sigla": "REQ", "tipo__descricao": "Requerimento", "autoria": "Nega Quind\u00f3ia", "texto_original": "http://sapl.cacimbadedentro.pb.leg.br/media/sapl/public/materialegislativa/2025/270/requerimento_-_francinete_soares_02_2025.doc", "ementa": "Requer duas passagens molhadas no S\u00edtio Cara\u00fabas."}, {"id": "271", "ano": "2025", "numero": "17", "tipo__sigla": "REQ", "tipo__descricao": "Requerimento", "autoria": "Nega Quind\u00f3ia", "texto_original": "http://sapl.cacimbadedentro.pb.leg.br/media/sapl/public/materialegislativa/2025/271/requerimento_-_francinete_soares_02_2025.doc", "ementa": "Requer a constru\u00e7\u00e3o de bueiro no s\u00edtio Boi Manso."}, {"id": "272", "ano": "2025", "numero": "18", "tipo__sigla": "REQ", "tipo__descricao": "Requerimento", "autoria": "Nega Quind\u00f3ia", "texto_original": "http://sapl.cacimbadedentro.pb.leg.br/media/sapl/public/materialegislativa/2025/272/requerimento_-_francinete_soares_03_2025.doc", "ementa": "Requer a implanta\u00e7\u00e3o de um CAPS."}, {"id": "273", "ano": "2025", "numero": "19", "tipo__sigla": "REQ", "tipo__descricao": "Requerimento", "autoria": "Nega Quind\u00f3ia", "texto_original": "http://sapl.cacimbadedentro.pb.leg.br/media/sapl/public/materialegislativa/2025/273/requerimento_-_francinete_soares_04_2025.doc", "ementa": "Requer o cal\u00e7amento de duas ruas no Conjunto Benjamim Maranh\u00e3o."}, {"id": "274", "ano": "2025", "numero": "20", "tipo__sigla": "REQ", "tipo__descricao": "Requerimento", "autoria": "Nega Quind\u00f3ia", "texto_original": "http://sapl.cacimbadedentro.pb.leg.br/media/sapl/public/materialegislativa/2025/274/requerimento_-_francinete_soares_05_2025.doc", "ementa": "Requer o cal\u00e7amento da bueira existente no s\u00edtio Cara\u00fabas."}, {"id": "275", "ano": "2025", "numero": "21", "tipo__sigla": "REQ", "tipo__descricao": "Requerimento", "autoria": "Janaina Cardoso", "texto_original": "http://sapl.cacimbadedentro.pb.leg.br/media/sapl/public/materialegislativa/2025/275/requerimento_no_001-2025_janaina.doc", "ementa": "Requer o cal\u00e7amento e manuten\u00e7\u00e3o da ilumina\u00e7\u00e3o na Rua Eduardo Coelho."}, {"id": "276", "ano": "2025", "numero": "22", "tipo__sigla": "REQ", "tipo__descricao": "Requerimento", "autoria": "Janaina Cardoso", "texto_original": "http://sapl.cacimbadedentro.pb.leg.br/media/sapl/public/materialegislativa/2025/276/requerimento_no_002-2025_janaina.doc", "ementa": "Requer a manuten\u00e7\u00e3o do cal\u00e7amento da Avenida Novo Horizonte."}, {"id": "277", "ano": "2025", "numero": "23", "tipo__sigla": "REQ", "tipo__descricao": "Requerimento", "autoria": "Janaina Cardoso", "texto_original": "http://sapl.cacimbadedentro.pb.leg.br/media/sapl/public/materialegislativa/2025/277/requerimento_no_003-2025_janaina.doc", "ementa": "Requer a retirada do lix\u00e3o irregular, em Logradouro."}, {"id": "278", "ano": "2025", "numero": "24", "tipo__sigla": "REQ", "tipo__descricao": "Requerimento", "autoria": "Marcinho Rocha", "texto_original": "http://sapl.cacimbadedentro.pb.leg.br/media/", "ementa": "Requer a pavimenta\u00e7\u00e3o de ruas, no Distrito de Logradouro."}, {"id": "279", "ano": "2025", "numero": "25", "tipo__sigla": "REQ", "tipo__descricao": "Requerimento", "autoria": "Marcinho Rocha", "texto_original": "http://sapl.cacimbadedentro.pb.leg.br/media/", "ementa": "Requer a continua\u00e7\u00e3o do cal\u00e7amento da Rua S\u00e3o Francisco."}, {"id": "280", "ano": "2025", "numero": "26", "tipo__sigla": "REQ", "tipo__descricao": "Requerimento", "autoria": "J\u00fanior de Logradouro", "texto_original": "http://sapl.cacimbadedentro.pb.leg.br/media/", "ementa": "Pavimenta\u00e7\u00e3o da Travessa Manoel Belo, em Logradouro."}, {"id": "281", "ano": "2025", "numero": "27", "tipo__sigla": "REQ", "tipo__descricao": "Requerimento", "autoria": "Marcinho Rocha", "texto_original": "http://sapl.cacimbadedentro.pb.leg.br/media/", "ementa": "Disp\u00f5es sobre o encaminhamento de of\u00edcio \u00e0 Energisa, solicitando instala\u00e7\u00e3o de rede el\u00e9trica na Travessa Manoel Belo, no Distrito de Logradouro."}, {"id": "282", "ano": "2025", "numero": "28", "tipo__sigla": "REQ", "tipo__descricao": "Requerimento", "autoria": "Marcinho Rocha", "texto_original": "http://sapl.cacimbadedentro.pb.leg.br/media/", "ementa": "Denomina\u00e7\u00e3o da Rua da Barra, no Distrito de Logradouro, no Distrito de Logradouro, como \"Rua Bel\u00edsio Bezerra Borges\"."}, {"id": "283", "ano": "2025", "numero": "29", "tipo__sigla": "REQ", "tipo__descricao": "Requerimento", "autoria": "Nega Quind\u00f3ia", "texto_original": "http://sapl.cacimbadedentro.pb.leg.br/media/sapl/public/materialegislativa/2025/283/requerimento_-_francinete_soares_06_2025.doc", "ementa": "Requer que seja enviado \u00e0 Cagepa pedido de abastecimento de \u00e1gua para as comunidades de Lagoa de Pedra e Lagoa Salgada."}, {"id": "284", "ano": "2025", "numero": "30", "tipo__sigla": "REQ", "tipo__descricao": "Requerimento", "autoria": "Nega Quind\u00f3ia", "texto_original": "http://sapl.cacimbadedentro.pb.leg.br/media/sapl/public/materialegislativa/2025/284/requerimento_-_francinete_soares_07_2025.doc", "ementa": "Requer que seja nomeada de Rua Poeta Jos\u00e9 Rivaldo, a segunda ap\u00f3s a Creche Municipal Vital do Rego."}, {"id": "285", "ano": "2025", "numero": "31", "tipo__sigla": "REQ", "tipo__descricao": "Requerimento", "autoria": "Robinho Ferreira", "texto_original": "http://sapl.cacimbadedentro.pb.leg.br/media/sapl/public/materialegislativa/2025/285/requerimento_robinho_003-2025.doc", "ementa": "Requer a reabertura do Mercado P\u00fablico, aos domingos."}, {"id": "286", "ano": "2025", "numero": "32", "tipo__sigla": "REQ", "tipo__descricao": "Requerimento", "autoria": "J\u00fanior de Logradouro", "texto_original": "http://sapl.cacimbadedentro.pb.leg.br/media/sapl/public/materialegislativa/2025/286/03_-_reforma_e_manutencao_do_chafariz_cano.doc", "ementa": "Requer a reforma e manuten\u00e7\u00e3o do chafariz, no S\u00edtio Cano."}, {"id": "287", "ano": "2025", "numero": "33", "tipo__sigla": "REQ", "tipo__descricao": "Requerimento", "autoria": "J\u00fanior de Logradouro", "texto_original": "http://sapl.cacimbadedentro.pb.leg.br/media/", "ementa": "Requer a realiza\u00e7\u00e3o da Festa de S\u00e3o Pedro, em Logradouro, em dois dias."}, {"id": "288", "ano": "2025", "numero": "34", "tipo__sigla": "REQ", "tipo__descricao": "Requerimento", "autoria": "J\u00fanior de Logradouro", "texto_original": "http://sapl.cacimbadedentro.pb.leg.br/media/sapl/public/materialegislativa/2025/288/05_-_portal_do_distrito_logradouro.doc", "ementa": "Requer a constru\u00e7\u00e3o de um portal de entrada, no Distrito de Logradouro."}, {"id": "289", "ano": "2025", "numero": "35", "tipo__sigla": "REQ", "tipo__descricao": "Requerimento", "autoria": "J\u00fanior de Logradouro", "texto_original": "http://sapl.cacimbadedentro.pb.leg.br/media/sapl/public/materialegislativa/2025/289/06_-_manutencao_das_estradas_vicinais.doc", "ementa": "Requer a manuten\u00e7\u00e3o das estradas vicinais do Munic\u00edpio."}, {"id": "290", "ano": "2025", "numero": "36", "tipo__sigla": "REQ", "tipo__descricao": "Requerimento", "autoria": "Neto de Ba\u00edca", "texto_original": "http://sapl.cacimbadedentro.pb.leg.br/media/", "ementa": "Requer a revitaliza\u00e7\u00e3o da \u00e1rea do A\u00e7ude da Palmeira."}, {"id": "291", "ano": "2025", "numero": "37", "tipo__sigla": "REQ", "tipo__descricao": "Requerimento", "autoria": "Cristiano", "texto_original": "http://sapl.cacimbadedentro.pb.leg.br/media/", "ementa": "Requer uma passagem molhada no Riacho dos Gatos, no S\u00edtio Salamandra."}, {"id": "292", "ano": "2025", "numero": "38", "tipo__sigla": "REQ", "tipo__descricao": "Requerimento", "autoria": "Cristiano", "texto_original": "http://sapl.cacimbadedentro.pb.leg.br/media/", "ementa": "Requer uma passagem molhada na Lagoa de Genival, no S\u00edtio Cara\u00fabas."}, {"id": "293", "ano": "2025", "numero": "39", "tipo__sigla": "REQ", "tipo__descricao": "Requerimento", "autoria": "Nobinho Carvalho", "texto_original": "http://sapl.cacimbadedentro.pb.leg.br/media/sapl/public/materialegislativa/2025/293/requerimento_nobinho_01-2025.doc", "ementa": "Requer o aumento da ajuda de custo dada aos pacientes de hemodi\u00e1lise. \r\n\r\nJustificativa\r\n\r\nSua import\u00e2ncia se d\u00e1 pelo fato de que o valor dado, devido ao aumento ocorrido no mercado, se torna \u00e9 insuficiente para custear despesas m\u00ednimas, j\u00e1 que na maioria das vezes, os pacientes ficam praticamente o dia todo fora do domic\u00edlio, por causa do tratamento em outras cidades."}, {"id": "294", "ano": "2025", "numero": "40", "tipo__sigla": "REQ", "tipo__descricao": "Requerimento", "autoria": "Robinho Ferreira", "texto_original": "http://sapl.cacimbadedentro.pb.leg.br/media/sapl/public/materialegislativa/2025/294/requerimento_robinho_004-2025.doc", "ementa": "Requer a revitaliza\u00e7\u00e3o da quadra de v\u00f4lei do A\u00e7ude da Palmeira."}, {"id": "295", "ano": "2025", "numero": "41", "tipo__sigla": "REQ", "tipo__descricao": "Requerimento", "autoria": "Robinho Ferreira", "texto_original": "http://sapl.cacimbadedentro.pb.leg.br/media/sapl/public/materialegislativa/2025/295/requerimento_robinho_005-2025.doc", "ementa": "Requer uma Farm\u00e1cia B\u00e1sica, no Distrito de Logradouro."}, {"id": "296", "ano": "2025", "numero": "42", "tipo__sigla": "REQ", "tipo__descricao": "Requerimento", "autoria": "Robinho Ferreira", "texto_original": "http://sapl.cacimbadedentro.pb.leg.br/media/sapl/public/materialegislativa/2025/296/requerimento_robinho_006-2025.doc", "ementa": "Requer um cemit\u00e9rio, no Distrito de Logradouro."}, {"id": "297", "ano": "2025", "numero": "43", "tipo__sigla": "REQ", "tipo__descricao": "Requerimento", "autoria": "Ronaldo Gomes", "texto_original": "http://sapl.cacimbadedentro.pb.leg.br/media/sapl/public/materialegislativa/2025/297/requerimento_ronaldo_003-2025.doc", "ementa": "Requer a instala\u00e7\u00e3o de bombas el\u00e9tricas, movidas a energia solar, nos principais po\u00e7os artesianos das comunidades do Munic\u00edpio."}, {"id": "298", "ano": "2025", "numero": "44", "tipo__sigla": "REQ", "tipo__descricao": "Requerimento", "autoria": "Ronaldo Gomes", "texto_original": "http://sapl.cacimbadedentro.pb.leg.br/media/sapl/public/materialegislativa/2025/298/requerimento_ronaldo_004-2025.doc", "ementa": "Requer a revitaliza\u00e7\u00e3o e moderniza\u00e7\u00e3o do cal\u00e7ad\u00e3o Gilberto Dias, na sa\u00edda para o Munic\u00edpio de Araruna."}, {"id": "299", "ano": "2025", "numero": "45", "tipo__sigla": "REQ", "tipo__descricao": "Requerimento", "autoria": "J\u00fanior de Logradouro", "texto_original": "http://sapl.cacimbadedentro.pb.leg.br/media/sapl/public/materialegislativa/2025/299/07_-_ponto_de_apoio_do_cras_no_distrito_logradouro.pdf", "ementa": "Requer um ponto de apoio do CRAS, no Distrito de Logradouro."}, {"id": "300", "ano": "2025", "numero": "46", "tipo__sigla": "REQ", "tipo__descricao": "Requerimento", "autoria": "Nobinho Carvalho", "texto_original": "http://sapl.cacimbadedentro.pb.leg.br/media/", "ementa": "Requer a cria\u00e7\u00e3o de novos pontos de motot\u00e1xis e renova\u00e7\u00e3o dos j\u00e1 existentes no Munic\u00edpio."}, {"id": "301", "ano": "2025", "numero": "47", "tipo__sigla": "REQ", "tipo__descricao": "Requerimento", "autoria": "Nobinho Carvalho", "texto_original": "http://sapl.cacimbadedentro.pb.leg.br/media/", "ementa": "Solicita do Sr. Prefeito, em parceria com as Secretaria de Educa\u00e7\u00e3o e de Sa\u00fade, que sejam realizados exames oftalmol\u00f3gicos nos alunos da Rede Municipal de Ensino."}, {"id": "302", "ano": "2025", "numero": "48", "tipo__sigla": "REQ", "tipo__descricao": "Requerimento", "autoria": "Nobinho Carvalho", "texto_original": "http://sapl.cacimbadedentro.pb.leg.br/media/", "ementa": "Solicita do Sr. Prefeito uma \u00e1rea espec\u00edfica para os motociclistas (Equipe do Grau) poderem treinar manobras com motos, sem infringir as leis de tr\u00e2nsito."}, {"id": "303", "ano": "2025", "numero": "49", "tipo__sigla": "REQ", "tipo__descricao": "Requerimento", "autoria": "Marcinho Rocha", "texto_original": "http://sapl.cacimbadedentro.pb.leg.br/media/", "ementa": "Requer que sejam realizadas melhorias na pista de motocross localizada no S\u00edtio Mium, bem como a inclus\u00e3o da corrida oficial de motocross no calend\u00e1rio festivo da cidade."}, {"id": "304", "ano": "2025", "numero": "50", "tipo__sigla": "REQ", "tipo__descricao": "Requerimento", "autoria": "J\u00fanior de Logradouro", "texto_original": "http://sapl.cacimbadedentro.pb.leg.br/media/", "ementa": "Requer a aquisi\u00e7\u00e3o de uma ro\u00e7adeira hidr\u00e1ulica articulada para a ro\u00e7agem de aceiros, margens de caminhos e estradas vicinais de nosso munic\u00edpio."}, {"id": "305", "ano": "2025", "numero": "51", "tipo__sigla": "REQ", "tipo__descricao": "Requerimento", "autoria": "J\u00fanior de Logradouro", "texto_original": "http://sapl.cacimbadedentro.pb.leg.br/media/", "ementa": "Requer a continua\u00e7\u00e3o da pavimenta\u00e7\u00e3o do cal\u00e7amento rural no s\u00edtio Matas do Riach\u00e3o, que se estende desde a casa de Ded\u00e9 Barbosa at\u00e9 a EMEF Tancredo de Almeida Neves."}, {"id": "306", "ano": "2025", "numero": "52", "tipo__sigla": "REQ", "tipo__descricao": "Requerimento", "autoria": "Robinho Ferreira", "texto_original": "http://sapl.cacimbadedentro.pb.leg.br/media/", "ementa": "Requer que seja enviado ao Governo do Estado pedido de reforma do Campo de Futebol M\u00e1rio Bandeira."}, {"id": "307", "ano": "2025", "numero": "53", "tipo__sigla": "REQ", "tipo__descricao": "Requerimento", "autoria": "Neto de Ba\u00edca", "texto_original": "http://sapl.cacimbadedentro.pb.leg.br/media/", "ementa": "Requer  que seja colocada uma imagem de S\u00e3o Sebasti\u00e3o no Cruzeiro, que tem o mesmo o nome do santo, no S\u00edtio Lagoa D\u2019\u00c1gua."}, {"id": "308", "ano": "2025", "numero": "54", "tipo__sigla": "REQ", "tipo__descricao": "Requerimento", "autoria": "Neto de Ba\u00edca", "texto_original": "http://sapl.cacimbadedentro.pb.leg.br/media/", "ementa": "requer que sejam realizados estudos objetivando a instala\u00e7\u00e3o de uma na escada com corrim\u00e3o, no cruzeiro de S\u00e3o Sebasti\u00e3o, no S\u00edtio Lagoa D\u2019\u00c1gua."}, {"id": "269", "ano": "2025", "numero": "1", "tipo__sigla": "PR", "tipo__descricao": "Projeto de Resolu\u00e7\u00e3o", "autoria": "Poder Legislativo - LEG", "texto_original": "http://sapl.cacimbadedentro.pb.leg.br/media/sapl/public/materialegislativa/2025/269/projeto_de_resolucao_01-2025.pdf", "ementa": "Disp\u00f5e sobre o dia e hor\u00e1rio de realiza\u00e7\u00e3o das Sess\u00f5es Ordin\u00e1rias da C\u00e2mara Municipal."}]}