{"headers": {"id": "ID", "ano": "Ano", "numero": "N\u00famero", "tipo__sigla": "Tipo de Mat\u00e9ria Legislativa/Sigla", "tipo__descricao": "Tipo de Mat\u00e9ria Legislativa/Descri\u00e7\u00e3o", "autoria": "Autorias", "texto_original": "Texto Original", "ementa": "Ementa"}, "results": [{"id": "6", "ano": "2022", "numero": "1", "tipo__sigla": "REQ", "tipo__descricao": "Requerimento", "autoria": "Nega Quindoia", "texto_original": "http://sapl.cacimbadedentro.pb.leg.br/media/", "ementa": "Requer..."}, {"id": "8", "ano": "2022", "numero": "2", "tipo__sigla": "REQ", "tipo__descricao": "Requerimento", "autoria": "Professora Dalvaneide", "texto_original": "http://sapl.cacimbadedentro.pb.leg.br/media/sapl/public/materialegislativa/2022/8/requerimento_dalvaneide_e_clidenor.doc", "ementa": "Promulga\u00e7\u00e3o de lei com redu\u00e7\u00e3o da carga hor\u00e1ria de servidores p\u00fablicos municipais que cuidam de pessoas portadoras de defici\u00eancia ou necessidade especial."}, {"id": "9", "ano": "2022", "numero": "3", "tipo__sigla": "REQ", "tipo__descricao": "Requerimento", "autoria": "Tiago Pereira", "texto_original": "http://sapl.cacimbadedentro.pb.leg.br/media/sapl/public/materialegislativa/2022/9/requerimento_no001-2022_tiago_pereira.pdf", "ementa": "Designa\u00e7\u00e3o de profissionais da sa\u00fade para acompanhamento de pacientes com quadro de Di\u00e1lises, no \u00e2mbito deste munic\u00edpio."}, {"id": "10", "ano": "2022", "numero": "4", "tipo__sigla": "REQ", "tipo__descricao": "Requerimento", "autoria": "Tiago Pereira", "texto_original": "http://sapl.cacimbadedentro.pb.leg.br/media/sapl/public/materialegislativa/2022/10/requerimento_no002-2022_tiago_pereira.pdf", "ementa": "Realiza\u00e7\u00e3o de per\u00edcia t\u00e9cnica anual em gin\u00e1sios poliesportivos de estrutura met\u00e1lica, no \u00e2mbito deste munic\u00edpio."}, {"id": "11", "ano": "2022", "numero": "5", "tipo__sigla": "REQ", "tipo__descricao": "Requerimento", "autoria": "Victor Hugo", "texto_original": "http://sapl.cacimbadedentro.pb.leg.br/media/sapl/public/materialegislativa/2022/11/requerimento_no_02-2022_victor_hugo.pdf", "ementa": "Medidas para solucionar problemas na Pra\u00e7a Frei Dami\u00e3o, nesta cidade, a qual se encontra em pleno abandono."}, {"id": "12", "ano": "2022", "numero": "6", "tipo__sigla": "REQ", "tipo__descricao": "Requerimento", "autoria": "Victor Hugo", "texto_original": "http://sapl.cacimbadedentro.pb.leg.br/media/sapl/public/materialegislativa/2022/12/requerimento_no01-2022_victor_hugo.pdf", "ementa": "Cria\u00e7\u00e3o de pontos para Moto-T\u00e1xis."}, {"id": "13", "ano": "2022", "numero": "7", "tipo__sigla": "REQ", "tipo__descricao": "Requerimento", "autoria": "Victor Hugo", "texto_original": "http://sapl.cacimbadedentro.pb.leg.br/media/sapl/public/materialegislativa/2022/13/requerimento_no03-2022_victor_hugo.pdf", "ementa": "Constru\u00e7\u00e3o de quebra-molas, um em frente ao restaurante \"Hora do churrasco\" e ao posto de gasolina, na sa\u00edda para Araruna."}, {"id": "14", "ano": "2022", "numero": "8", "tipo__sigla": "REQ", "tipo__descricao": "Requerimento", "autoria": "Victor Hugo", "texto_original": "http://sapl.cacimbadedentro.pb.leg.br/media/sapl/public/materialegislativa/2022/14/requerimento_no04-2022_victor_hugo.pdf", "ementa": "Inclus\u00e3o dos demais servidores da Educa\u00e7\u00e3o (apoio t\u00e9cnico, administrativo e operacional) nos pr\u00f3ximos rateios do FUNDEB."}, {"id": "15", "ano": "2022", "numero": "9", "tipo__sigla": "REQ", "tipo__descricao": "Requerimento", "autoria": "Victor Hugo", "texto_original": "http://sapl.cacimbadedentro.pb.leg.br/media/sapl/public/materialegislativa/2022/15/requerimento_no05-2022_victor_hugo.pdf", "ementa": "Programa assistencial de entrega de almo\u00e7o no Distrito de Logradouro."}, {"id": "16", "ano": "2022", "numero": "10", "tipo__sigla": "REQ", "tipo__descricao": "Requerimento", "autoria": "Victor Hugo", "texto_original": "http://sapl.cacimbadedentro.pb.leg.br/media/sapl/public/materialegislativa/2022/16/requerimento_no06-2022_victor_hugo.pdf", "ementa": "Cria\u00e7\u00e3o de um cronograma para coleta de lixo por todo munic\u00edpio."}, {"id": "17", "ano": "2022", "numero": "11", "tipo__sigla": "REQ", "tipo__descricao": "Requerimento", "autoria": "Victor Hugo", "texto_original": "http://sapl.cacimbadedentro.pb.leg.br/media/sapl/public/materialegislativa/2022/17/requerimento_no07-2022_victor_hugo.pdf", "ementa": "Programa municipal para regulariza\u00e7\u00e3o dos im\u00f3veis do munic\u00edpio."}, {"id": "18", "ano": "2022", "numero": "12", "tipo__sigla": "REQ", "tipo__descricao": "Requerimento", "autoria": "Tiago Pereira", "texto_original": "http://sapl.cacimbadedentro.pb.leg.br/media/sapl/public/materialegislativa/2022/18/requerimento_no03-2022_tiago_pereira.pdf", "ementa": "Cria\u00e7\u00e3o de espa\u00e7o p\u00fablico e realiza\u00e7\u00e3o quinzenal ou mensal de apresenta\u00e7\u00f5es art\u00edsticas culturais."}, {"id": "19", "ano": "2022", "numero": "13", "tipo__sigla": "REQ", "tipo__descricao": "Requerimento", "autoria": "Pollyano Henrique", "texto_original": "http://sapl.cacimbadedentro.pb.leg.br/media/sapl/public/materialegislativa/2022/19/requerimento_no_01-2022_pollyanno_henrique.pdf", "ementa": "Pavimenta\u00e7\u00e3o asf\u00e1ltica na Travessa Jos\u00e9 Gomes Alves."}, {"id": "20", "ano": "2022", "numero": "14", "tipo__sigla": "REQ", "tipo__descricao": "Requerimento", "autoria": "Luigi Victor", "texto_original": "http://sapl.cacimbadedentro.pb.leg.br/media/sapl/public/materialegislativa/2022/20/requerimento_no01-2022_luigi_victor.pdf", "ementa": "Implanta\u00e7\u00e3o de um centro de controle de zoonoses no munic\u00edpio."}, {"id": "21", "ano": "2022", "numero": "15", "tipo__sigla": "REQ", "tipo__descricao": "Requerimento", "autoria": "Tiago Pereira", "texto_original": "http://sapl.cacimbadedentro.pb.leg.br/media/", "ementa": "Realiza\u00e7\u00e3o de pavimenta\u00e7\u00e3o asf\u00e1ltica em ruas do Conjunto Benjamim Maranh\u00e3o, no entorno do gin\u00e1sio localizado no mesmo."}, {"id": "22", "ano": "2022", "numero": "16", "tipo__sigla": "REQ", "tipo__descricao": "Requerimento", "autoria": "Clemilson Lopes", "texto_original": "http://sapl.cacimbadedentro.pb.leg.br/media/sapl/public/materialegislativa/2022/22/requerimento_clemilson_1-2022.doc", "ementa": "Reforma e amplia\u00e7\u00e3o da Escola Manuel da Silva, no Distrito de Logradouro, com uma \u00e1rea de recrea\u00e7\u00e3o para as crian\u00e7as."}, {"id": "23", "ano": "2022", "numero": "17", "tipo__sigla": "REQ", "tipo__descricao": "Requerimento", "autoria": "Clemilson Lopes", "texto_original": "http://sapl.cacimbadedentro.pb.leg.br/media/sapl/public/materialegislativa/2022/23/requerimento_clemilson_2-2022.doc", "ementa": "Requer o cal\u00e7amento das ruas \u201cdo campo\u201d e \u201cloteamento de Zominho\u201d, como s\u00e3o conhecidas, ambas no Distrito de Logradouro."}, {"id": "24", "ano": "2022", "numero": "18", "tipo__sigla": "REQ", "tipo__descricao": "Requerimento", "autoria": "Clemilson Lopes", "texto_original": "http://sapl.cacimbadedentro.pb.leg.br/media/sapl/public/materialegislativa/2022/24/requerimento_clemilson_3-2022.doc", "ementa": "Requer portais nas entradas do Distrito de Logradouro."}, {"id": "25", "ano": "2022", "numero": "19", "tipo__sigla": "REQ", "tipo__descricao": "Requerimento", "autoria": "Clemilson Lopes", "texto_original": "http://sapl.cacimbadedentro.pb.leg.br/media/sapl/public/materialegislativa/2022/25/requerimento_clemilson_4-2022.doc", "ementa": "Requer a continua\u00e7\u00e3o do cal\u00e7amento da Rua da Cagepa, especificamente, no trecho que vai at\u00e9 o Sr. Manoel Matias."}, {"id": "27", "ano": "2022", "numero": "20", "tipo__sigla": "REQ", "tipo__descricao": "Requerimento", "autoria": "Luigi Victor", "texto_original": "http://sapl.cacimbadedentro.pb.leg.br/media/sapl/public/materialegislativa/2022/27/requerimento_no02-2022_luigi_victor.pdf", "ementa": "Mapeamento do munic\u00edpio com a denomina\u00e7\u00e3o dos bairros, ruas e n\u00fameros das resid\u00eancias."}, {"id": "28", "ano": "2022", "numero": "21", "tipo__sigla": "REQ", "tipo__descricao": "Requerimento", "autoria": "Clemilson Lopes", "texto_original": "http://sapl.cacimbadedentro.pb.leg.br/media/sapl/public/materialegislativa/2022/28/requerimento_clemilson_-_praca_em_barreiros.doc", "ementa": "Requer a constru\u00e7\u00e3o de uma Pra\u00e7a P\u00fablica na comunidade de Barreiros."}, {"id": "29", "ano": "2022", "numero": "22", "tipo__sigla": "REQ", "tipo__descricao": "Requerimento", "autoria": "Clemilson Lopes", "texto_original": "http://sapl.cacimbadedentro.pb.leg.br/media/sapl/public/materialegislativa/2022/29/requerimento_clemilson_-_calcamento_logradouro.doc", "ementa": "Requer a continua\u00e7\u00e3o do cal\u00e7amento da Rua S\u00e3o Francisco, at\u00e9 as proximidades da resid\u00eancia de Dona Veneranda, sa\u00edda para Japi-RN, no Distrito de Logradouro."}, {"id": "30", "ano": "2022", "numero": "23", "tipo__sigla": "REQ", "tipo__descricao": "Requerimento", "autoria": "Clemilson Lopes", "texto_original": "http://sapl.cacimbadedentro.pb.leg.br/media/sapl/public/materialegislativa/2022/30/requerimento_clemilson_-_praca_em_boa_vista.doc", "ementa": "Requer a constru\u00e7\u00e3o de um cal\u00e7ad\u00e3o com pra\u00e7a na comunidade de Boa Vista."}, {"id": "31", "ano": "2022", "numero": "24", "tipo__sigla": "REQ", "tipo__descricao": "Requerimento", "autoria": "Clemilson Lopes", "texto_original": "http://sapl.cacimbadedentro.pb.leg.br/media/sapl/public/materialegislativa/2022/31/requerimento_clemilson_-_calcamento_rua_dos_pedros.doc", "ementa": "Requer o cal\u00e7amento da conhecida \u201cRua dos Pedros\u201d, na parte que esta se liga a \u201cRua da Barra\u201d."}, {"id": "32", "ano": "2022", "numero": "25", "tipo__sigla": "REQ", "tipo__descricao": "Requerimento", "autoria": "Clemilson Lopes", "texto_original": "http://sapl.cacimbadedentro.pb.leg.br/media/sapl/public/materialegislativa/2022/32/requerimento_clemilson_-_quebra_mola_em_barreiros.doc", "ementa": "Requer a constru\u00e7\u00e3o de tr\u00eas quebra-molas em Barreiros, no trecho que vai do trevo at\u00e9 o bar central."}, {"id": "33", "ano": "2022", "numero": "26", "tipo__sigla": "REQ", "tipo__descricao": "Requerimento", "autoria": "Clemilson Lopes", "texto_original": "http://sapl.cacimbadedentro.pb.leg.br/media/sapl/public/materialegislativa/2022/33/requerimento_clemilson_-_telhado_escola_jose_sarney.doc", "ementa": "Requer a reforma do telhado e amplia\u00e7\u00e3o do piso da Escola Municipal Jos\u00e9 Sarney."}, {"id": "34", "ano": "2022", "numero": "27", "tipo__sigla": "REQ", "tipo__descricao": "Requerimento", "autoria": "Clemilson Lopes", "texto_original": "http://sapl.cacimbadedentro.pb.leg.br/media/sapl/public/materialegislativa/2022/34/requerimento_clemilson_-_cobertura_da_quadra.doc", "ementa": "Requer a cobertura da quadra de esportes da Escola Municipal Jos\u00e9 Sarney, no Distrito de Logradouro."}, {"id": "35", "ano": "2022", "numero": "28", "tipo__sigla": "REQ", "tipo__descricao": "Requerimento", "autoria": "Luigi Victor", "texto_original": "http://sapl.cacimbadedentro.pb.leg.br/media/sapl/public/materialegislativa/2022/35/requerimento_no003-2022_luigi_victor.pdf", "ementa": "Requer a implanta\u00e7\u00e3o de Centro Cultural no munic\u00edpio."}, {"id": "36", "ano": "2022", "numero": "29", "tipo__sigla": "REQ", "tipo__descricao": "Requerimento", "autoria": "Pollyano Henrique", "texto_original": "http://sapl.cacimbadedentro.pb.leg.br/media/sapl/public/materialegislativa/2022/36/requerimento_no002-2022_pollyanno_henrique_pereira.pdf", "ementa": "Requer a estadualiza\u00e7\u00e3o do trecho da estrada vicinal que lia a PB-111 ao Santu\u00e1rio de Nossa Senhora dos Rem\u00e9dios, na localidade de Boa Vista, neste munic\u00edpio."}, {"id": "37", "ano": "2022", "numero": "30", "tipo__sigla": "REQ", "tipo__descricao": "Requerimento", "autoria": "Pollyano Henrique", "texto_original": "http://sapl.cacimbadedentro.pb.leg.br/media/sapl/public/materialegislativa/2022/37/requerimento_no003-2022_pollyanno_henrique_pereira.pdf", "ementa": "Requer a reforma e amplia\u00e7\u00e3o da Escola Municipal Maria Aparecida."}, {"id": "41", "ano": "2022", "numero": "31", "tipo__sigla": "REQ", "tipo__descricao": "Requerimento", "autoria": "Clemilson Lopes", "texto_original": "http://sapl.cacimbadedentro.pb.leg.br/media/sapl/public/materialegislativa/2022/41/requerimento_clemilson_-_banheiros_publicos_em_boa_vista.doc", "ementa": "Requer a constru\u00e7\u00e3o de banheiros p\u00fablicos na comunidade de Boa Vista."}, {"id": "42", "ano": "2022", "numero": "32", "tipo__sigla": "REQ", "tipo__descricao": "Requerimento", "autoria": "Clemilson Lopes", "texto_original": "http://sapl.cacimbadedentro.pb.leg.br/media/sapl/public/materialegislativa/2022/42/requerimento_clemilson_-_creche_em_barreiros.doc", "ementa": "Requer a constru\u00e7\u00e3o de uma creche na comunidade de Barreiros."}, {"id": "43", "ano": "2022", "numero": "33", "tipo__sigla": "REQ", "tipo__descricao": "Requerimento", "autoria": "Clemilson Lopes", "texto_original": "http://sapl.cacimbadedentro.pb.leg.br/media/sapl/public/materialegislativa/2022/43/requerimento_clemilson_-_calcamento_transversais.doc", "ementa": "Requer o cal\u00e7amento de duas ruas transversais \u00e0 Avenida S\u00e3o Francisco, no Distrito de Logradouro."}, {"id": "48", "ano": "2022", "numero": "34", "tipo__sigla": "REQ", "tipo__descricao": "Requerimento", "autoria": "Tiago Pereira", "texto_original": "http://sapl.cacimbadedentro.pb.leg.br/media/sapl/public/materialegislativa/2022/48/requerimento_no005-2022_tiago_pereira.pdf", "ementa": "Amplia\u00e7\u00e3o da Rua Projetada, no bairro da Palmeira."}, {"id": "49", "ano": "2022", "numero": "35", "tipo__sigla": "REQ", "tipo__descricao": "Requerimento", "autoria": "Tiago Pereira", "texto_original": "http://sapl.cacimbadedentro.pb.leg.br/media/sapl/public/materialegislativa/2022/49/requerimento_no006-2022_tiago_pereira.pdf", "ementa": "Cria\u00e7\u00e3o de um projeto para implanta\u00e7\u00e3o de roteiro de turismo ecol\u00f3gico no munic\u00edpio de Cacimba de Dentro-PB."}, {"id": "50", "ano": "2022", "numero": "36", "tipo__sigla": "REQ", "tipo__descricao": "Requerimento", "autoria": "Clemilson Lopes", "texto_original": "http://sapl.cacimbadedentro.pb.leg.br/media/sapl/public/materialegislativa/2022/50/requerimento_clemilson_-_espaco_da_feira_livre.doc", "ementa": "Requer o retorno da feira livre para rua principal, em frente a Igreja Cat\u00f3lica at\u00e9 as imedia\u00e7\u00f5es do mercado de Francinaldo."}, {"id": "51", "ano": "2022", "numero": "37", "tipo__sigla": "REQ", "tipo__descricao": "Requerimento", "autoria": "Clemilson Lopes", "texto_original": "http://sapl.cacimbadedentro.pb.leg.br/media/sapl/public/materialegislativa/2022/51/requerimento_clemilson_-_quebra_mola.doc", "ementa": "Requer a revitaliza\u00e7\u00e3o de quebra-molas nas principais ruas do Distrito de Logradouro, especialmente em trechos que tenham mais movimento, devido ao com\u00e9rcio e escolas, a exemplo."}, {"id": "52", "ano": "2022", "numero": "38", "tipo__sigla": "REQ", "tipo__descricao": "Requerimento", "autoria": "Clemilson Lopes", "texto_original": "http://sapl.cacimbadedentro.pb.leg.br/media/sapl/public/materialegislativa/2022/52/requerimento_clemilson_-_ubs_boa_vista.doc", "ementa": "Reuer a constru\u00e7\u00e3o de uma Unidade B\u00e1sica de Sa\u00fade na comunidade de Boa Vista."}, {"id": "53", "ano": "2022", "numero": "39", "tipo__sigla": "REQ", "tipo__descricao": "Requerimento", "autoria": "Professora Dalvaneide", "texto_original": "http://sapl.cacimbadedentro.pb.leg.br/media/sapl/public/materialegislativa/2022/53/requerimento_dalvaneide_calcadao.pdf", "ementa": "Disp\u00f5e sobre a constru\u00e7\u00e3o de um cal\u00e7ad\u00e3o no Distrito de Logradouro."}, {"id": "57", "ano": "2022", "numero": "40", "tipo__sigla": "REQ", "tipo__descricao": "Requerimento", "autoria": "Clemilson Lopes", "texto_original": "http://sapl.cacimbadedentro.pb.leg.br/media/sapl/public/materialegislativa/2022/57/requerimento_040_clemilson_-__feira_livre.pdf", "ementa": "requerer o retorno da feira livre para rua principal, em frente a Igreja Cat\u00f3lica at\u00e9 as imedia\u00e7\u00f5es do mercado de Francinaldo."}, {"id": "55", "ano": "2022", "numero": "41", "tipo__sigla": "REQ", "tipo__descricao": "Requerimento", "autoria": "Luigi Victor", "texto_original": "http://sapl.cacimbadedentro.pb.leg.br/media/", "ementa": "Requer a implanta\u00e7\u00e3o de cursos profissionalizantes no munic\u00edpio."}, {"id": "56", "ano": "2022", "numero": "42", "tipo__sigla": "REQ", "tipo__descricao": "Requerimento", "autoria": "Luigi Victor", "texto_original": "http://sapl.cacimbadedentro.pb.leg.br/media/", "ementa": "requer a implanta\u00e7\u00e3o de cursos profissionalizantes no munic\u00edpio."}, {"id": "58", "ano": "2022", "numero": "43", "tipo__sigla": "REQ", "tipo__descricao": "Requerimento", "autoria": "Tiago Pereira", "texto_original": "http://sapl.cacimbadedentro.pb.leg.br/media/sapl/public/materialegislativa/2022/58/requerimento_no005-2022_tiago_pereira.pdf", "ementa": "Requer Realiza\u00e7\u00e3o de amplia\u00e7\u00e3o da rua projetada localizada no bairro da Palmeira."}, {"id": "59", "ano": "2022", "numero": "44", "tipo__sigla": "REQ", "tipo__descricao": "Requerimento", "autoria": "Tiago Pereira", "texto_original": "http://sapl.cacimbadedentro.pb.leg.br/media/sapl/public/materialegislativa/2022/59/requerimento_no006-2022_tiago_pereira.pdf", "ementa": "Requer Cria\u00e7\u00e3o de um projeto para implanta\u00e7\u00e3o de roteiro de turismo ecol\u00f3gico no munic\u00edpio."}, {"id": "60", "ano": "2022", "numero": "45", "tipo__sigla": "REQ", "tipo__descricao": "Requerimento", "autoria": "Clemilson Lopes", "texto_original": "http://sapl.cacimbadedentro.pb.leg.br/media/sapl/public/materialegislativa/2022/60/requerimento_no015-2022_clemilson_lopes.pdf", "ementa": "Requer O refor\u00e7o de quebra-molas nas principais ruas do Distrito do Logradouro, especialmente em trechos que tenham mais movimento, devido ao com\u00e9rcio e escolas, a exemplo."}, {"id": "61", "ano": "2022", "numero": "46", "tipo__sigla": "REQ", "tipo__descricao": "Requerimento", "autoria": "Clemilson Lopes", "texto_original": "http://sapl.cacimbadedentro.pb.leg.br/media/sapl/public/materialegislativa/2022/61/requerimento_no016-2022_clemilson_lopes.pdf", "ementa": "Requer A constru\u00e7\u00e3o de uma Unidade B\u00e1sica de Sa\u00fade na comunidade de Boa Vista."}, {"id": "62", "ano": "2022", "numero": "47", "tipo__sigla": "REQ", "tipo__descricao": "Requerimento", "autoria": "Clemilson Lopes", "texto_original": "http://sapl.cacimbadedentro.pb.leg.br/media/sapl/public/materialegislativa/2022/62/requerimento_no017-2022_clemilson_lopes.pdf", "ementa": "Requer O retorno da feira livre para a rua principal, em frente a Igreja Cat\u00f3lica ate as imedia\u00e7\u00f5es do mercado de Francinaldo."}, {"id": "63", "ano": "2022", "numero": "48", "tipo__sigla": "REQ", "tipo__descricao": "Requerimento", "autoria": "Luigi Victor", "texto_original": "http://sapl.cacimbadedentro.pb.leg.br/media/sapl/public/materialegislativa/2022/63/requerimento_no04-2022_luigi_victor.pdf", "ementa": "Requer A constru\u00e7\u00e3o e instala\u00e7\u00e3o de uma central de vel\u00f3rios e de um cemit\u00e9rio publico no Distrito do Logradouro no Munic\u00edpio de Cacimba de Dentro."}, {"id": "64", "ano": "2022", "numero": "49", "tipo__sigla": "REQ", "tipo__descricao": "Requerimento", "autoria": "Luigi Victor", "texto_original": "http://sapl.cacimbadedentro.pb.leg.br/media/sapl/public/materialegislativa/2022/64/requerimento_no05-2022_luigi_victor.pdf", "ementa": "Requer O zoneamento de aptid\u00e3o agr\u00edcola e uso dos solos do Munic\u00edpio."}, {"id": "65", "ano": "2022", "numero": "50", "tipo__sigla": "REQ", "tipo__descricao": "Requerimento", "autoria": "Luigi Victor", "texto_original": "http://sapl.cacimbadedentro.pb.leg.br/media/sapl/public/materialegislativa/2022/65/requerimento_no06-2022_luigi_victor.pdf", "ementa": "Requer A implanta\u00e7\u00e3o de cursos profissionalizantes no Munic\u00edpio."}, {"id": "66", "ano": "2022", "numero": "51", "tipo__sigla": "REQ", "tipo__descricao": "Requerimento", "autoria": "Pollyano Henrique", "texto_original": "http://sapl.cacimbadedentro.pb.leg.br/media/sapl/public/materialegislativa/2022/66/requerimento_no004-2022_pollyanno_henrique.pdf", "ementa": "Requer A transforma\u00e7\u00e3o da antiga lagoa do estado em um parque municipal fazendo assim a liga\u00e7\u00e3o do conjunto Frei Damiao II a pra\u00e7a de eventos."}, {"id": "67", "ano": "2022", "numero": "52", "tipo__sigla": "REQ", "tipo__descricao": "Requerimento", "autoria": "Pollyano Henrique", "texto_original": "http://sapl.cacimbadedentro.pb.leg.br/media/sapl/public/materialegislativa/2022/67/requerimento_no005-2022_pollyanno_henrique.pdf", "ementa": "Requer A constru\u00e7\u00e3o de uma pra\u00e7a ou cal\u00e7ad\u00e3o na entrada/in\u00edcio do Conjunto Benjamim Maranh\u00e3o."}, {"id": "68", "ano": "2022", "numero": "53", "tipo__sigla": "REQ", "tipo__descricao": "Requerimento", "autoria": "Clemilson Lopes", "texto_original": "http://sapl.cacimbadedentro.pb.leg.br/media/sapl/public/materialegislativa/2022/68/clemilson_18-2022.doc", "ementa": "Requer o cal\u00e7amento da Rua Projetada do \u201cLoteamento de Neguinho\u201d, que liga a Rua Jos\u00e9 Sarney, no Distrito de Logradouro."}, {"id": "69", "ano": "2022", "numero": "54", "tipo__sigla": "REQ", "tipo__descricao": "Requerimento", "autoria": "Clemilson Lopes", "texto_original": "http://sapl.cacimbadedentro.pb.leg.br/media/sapl/public/materialegislativa/2022/69/clemilson_19-2022.doc", "ementa": "requer a continua\u00e7\u00e3o do cal\u00e7amento de tr\u00eas ruas do Conjunto Manoel Belo, que liga \u00e0 Rua Projetada, a qual tem acesso a quadra de esportes, no Distrito de Logradouro."}, {"id": "70", "ano": "2022", "numero": "55", "tipo__sigla": "REQ", "tipo__descricao": "Requerimento", "autoria": "Clemilson Lopes", "texto_original": "http://sapl.cacimbadedentro.pb.leg.br/media/sapl/public/materialegislativa/2022/70/clemilson_20-2022.doc", "ementa": "Requer o cal\u00e7amento no S\u00edtio Barreiros, nas imedia\u00e7\u00f5es da Rua do Gin\u00e1sio."}, {"id": "71", "ano": "2022", "numero": "56", "tipo__sigla": "REQ", "tipo__descricao": "Requerimento", "autoria": "Clemilson Lopes", "texto_original": "http://sapl.cacimbadedentro.pb.leg.br/media/sapl/public/materialegislativa/2022/71/clemilson_21-2022.doc", "ementa": "Requer o  o cal\u00e7amento de 4 ruas transversais do S\u00edtio Barreiros que liga \u00e0 rua principal."}, {"id": "72", "ano": "2022", "numero": "57", "tipo__sigla": "REQ", "tipo__descricao": "Requerimento", "autoria": "Clemilson Lopes", "texto_original": "http://sapl.cacimbadedentro.pb.leg.br/media/sapl/public/materialegislativa/2022/72/clemilson_22-2022.doc", "ementa": "Requer a continua\u00e7\u00e3o do cal\u00e7amento da rua principal do S\u00edtio Barreiros seguindo at\u00e9 o p\u00e1tio de vaquejada."}, {"id": "73", "ano": "2022", "numero": "58", "tipo__sigla": "REQ", "tipo__descricao": "Requerimento", "autoria": "Clemilson Lopes", "texto_original": "http://sapl.cacimbadedentro.pb.leg.br/media/sapl/public/materialegislativa/2022/73/clemilson_23-2022.doc", "ementa": "Requer a a constru\u00e7\u00e3o de barragens para os agricultores rurais do munic\u00edpio."}, {"id": "74", "ano": "2022", "numero": "59", "tipo__sigla": "REQ", "tipo__descricao": "Requerimento", "autoria": "Clemilson Lopes", "texto_original": "http://sapl.cacimbadedentro.pb.leg.br/media/sapl/public/materialegislativa/2022/74/clemilson_24-2022.doc", "ementa": "Requer um carro para coleta de lixo no Distrito do Logradouro, o qual sirva tamb\u00e9m para Barreiros, Mocot\u00f3 e Boa Vista."}, {"id": "75", "ano": "2022", "numero": "60", "tipo__sigla": "REQ", "tipo__descricao": "Requerimento", "autoria": "Clemilson Lopes", "texto_original": "http://sapl.cacimbadedentro.pb.leg.br/media/sapl/public/materialegislativa/2022/75/clemilson_25-2022.doc", "ementa": "Requer a a continua\u00e7\u00e3o do cal\u00e7amento da Rua Luiz Manoel da Silva at\u00e9 Dezilda, do Distrito de Logradouro."}, {"id": "76", "ano": "2022", "numero": "61", "tipo__sigla": "REQ", "tipo__descricao": "Requerimento", "autoria": "Clemilson Lopes", "texto_original": "http://sapl.cacimbadedentro.pb.leg.br/media/sapl/public/materialegislativa/2022/76/clemilson_26-2022.doc", "ementa": "Requer postes para a Rua do Gin\u00e1sio, no S\u00edtio Barreiros."}, {"id": "77", "ano": "2022", "numero": "62", "tipo__sigla": "REQ", "tipo__descricao": "Requerimento", "autoria": "Clemilson Lopes", "texto_original": "http://sapl.cacimbadedentro.pb.leg.br/media/sapl/public/materialegislativa/2022/77/clemilson_27-2022.doc", "ementa": "Requer o cal\u00e7amento em cima do balde do a\u00e7ude da Concei\u00e7\u00e3o."}, {"id": "78", "ano": "2022", "numero": "63", "tipo__sigla": "REQ", "tipo__descricao": "Requerimento", "autoria": "Clemilson Lopes", "texto_original": "http://sapl.cacimbadedentro.pb.leg.br/media/sapl/public/materialegislativa/2022/78/clemilson_28-2022.doc", "ementa": "Requer a a circula\u00e7\u00e3o do carro fumac\u00ea no munic\u00edpio."}, {"id": "80", "ano": "2022", "numero": "64", "tipo__sigla": "REQ", "tipo__descricao": "Requerimento", "autoria": "Clemilson Lopes", "texto_original": "http://sapl.cacimbadedentro.pb.leg.br/media/sapl/public/materialegislativa/2022/80/clemilson_29-2022.doc", "ementa": "Requer que a Prefeitura Municipal, em parceria com o Executivo e Legislativo Estadual, analisar a possibilidade de criar empreendimentos no munic\u00edpio."}, {"id": "81", "ano": "2022", "numero": "65", "tipo__sigla": "REQ", "tipo__descricao": "Requerimento", "autoria": "Clemilson Lopes", "texto_original": "http://sapl.cacimbadedentro.pb.leg.br/media/sapl/public/materialegislativa/2022/81/clemilson_30-2022.doc", "ementa": "Requer a a realiza\u00e7\u00e3o de cursos profissionalizantes nas associa\u00e7\u00f5es presentes no munic\u00edpio."}, {"id": "82", "ano": "2022", "numero": "66", "tipo__sigla": "REQ", "tipo__descricao": "Requerimento", "autoria": "Clemilson Lopes", "texto_original": "http://sapl.cacimbadedentro.pb.leg.br/media/sapl/public/materialegislativa/2022/82/clemilson_31-2022.doc", "ementa": "Requer a  constru\u00e7\u00e3o de mais uma sala de aula na Escola Municipal Jos\u00e9 Sarney, no Distrito de Logradouro."}, {"id": "83", "ano": "2022", "numero": "67", "tipo__sigla": "REQ", "tipo__descricao": "Requerimento", "autoria": "Clemilson Lopes", "texto_original": "http://sapl.cacimbadedentro.pb.leg.br/media/sapl/public/materialegislativa/2022/83/clemilson_32-2022.doc", "ementa": "Requer a a constru\u00e7\u00e3o de casa populares para a comunidade carente do Distrito de Logradouro."}, {"id": "84", "ano": "2022", "numero": "68", "tipo__sigla": "REQ", "tipo__descricao": "Requerimento", "autoria": "Clemilson Lopes", "texto_original": "http://sapl.cacimbadedentro.pb.leg.br/media/sapl/public/materialegislativa/2022/84/clemilson_33-2022.doc", "ementa": "Requer a constru\u00e7\u00e3o de \u00e1rea de recrea\u00e7\u00e3o com cobertura para a Creche Municipal e Escola Municipal Jos\u00e9 Sarney, ambas situadas no Distrito de Logradouro."}, {"id": "85", "ano": "2022", "numero": "69", "tipo__sigla": "REQ", "tipo__descricao": "Requerimento", "autoria": "Tiago Pereira", "texto_original": "http://sapl.cacimbadedentro.pb.leg.br/media/sapl/public/materialegislativa/2022/85/requerimento_no_07-2022_vereador_tiago.pdf", "ementa": "Requer a realiza\u00e7\u00e3o da poda de \u00e1rvores em ambiente rural , nas estradas em que circulam a frota de \u00f4nibus municipais."}, {"id": "88", "ano": "2022", "numero": "70", "tipo__sigla": "REQ", "tipo__descricao": "Requerimento", "autoria": "Reginaldo Rocha", "texto_original": "http://sapl.cacimbadedentro.pb.leg.br/media/sapl/public/materialegislativa/2022/88/requerimento_no001-2022_vereador_reginaldo.pdf", "ementa": "Requer o cal\u00e7amento da Rua Projetada que fica ao lado do Conjunto Novo Horizonte."}, {"id": "92", "ano": "2022", "numero": "71", "tipo__sigla": "REQ", "tipo__descricao": "Requerimento", "autoria": "Nobinho Carvalho", "texto_original": "http://sapl.cacimbadedentro.pb.leg.br/media/sapl/public/materialegislativa/2022/92/requerimento_001-2022arnobio.pdf", "ementa": "Requer a recupera\u00e7\u00e3o das estradas do Munic\u00edpio: Matas do Riach\u00e3o, Ladeira da Picada, Filgueiras, Tr\u00eas Lagoas, Olho d\u2019\u00c1gua, Juriti, Maracaj\u00e1, Timba\u00faba, Pica-Pau, Fulguinho, Sabur\u00e1 e Mium"}, {"id": "93", "ano": "2022", "numero": "72", "tipo__sigla": "REQ", "tipo__descricao": "Requerimento", "autoria": "Nobinho Carvalho", "texto_original": "http://sapl.cacimbadedentro.pb.leg.br/media/sapl/public/materialegislativa/2022/93/requerimento_002-2022arnobio.pdf", "ementa": "Requer que seja criado Diretoria e Subdiretoria para todas as Secretarias existentes no Munic\u00edpio."}, {"id": "94", "ano": "2022", "numero": "73", "tipo__sigla": "REQ", "tipo__descricao": "Requerimento", "autoria": "Nobinho Carvalho", "texto_original": "http://sapl.cacimbadedentro.pb.leg.br/media/sapl/public/materialegislativa/2022/94/requerimento_003-2022arnobio.pdf", "ementa": "Requer que seja feito um Alvar\u00e1 para os feirantes, para deixar de ser cobrado a taxa de imposto semanalmente."}, {"id": "95", "ano": "2022", "numero": "74", "tipo__sigla": "REQ", "tipo__descricao": "Requerimento", "autoria": "Nobinho Carvalho", "texto_original": "http://sapl.cacimbadedentro.pb.leg.br/media/sapl/public/materialegislativa/2022/95/requerimento_004-2022arnobio.pdf", "ementa": "Requer que seja feito a compra de uma ro\u00e7adeira hidr\u00e1ulica para acoplar no trator."}, {"id": "96", "ano": "2022", "numero": "75", "tipo__sigla": "REQ", "tipo__descricao": "Requerimento", "autoria": "Reginaldo Rocha", "texto_original": "http://sapl.cacimbadedentro.pb.leg.br/media/sapl/public/materialegislativa/2022/96/requerimento_002-2022reginaldo.pdf", "ementa": "Requer que seja dado o nome de Francisco Nascimento da Silva \u00e0 UBS da comunidade de Barreiros."}, {"id": "97", "ano": "2022", "numero": "76", "tipo__sigla": "REQ", "tipo__descricao": "Requerimento", "autoria": "Nobinho Carvalho", "texto_original": "http://sapl.cacimbadedentro.pb.leg.br/media/sapl/public/materialegislativa/2022/97/requerimento_arnobio_005-2022.doc", "ementa": "Requer que seja feito a ilumina\u00e7\u00e3o de led para a ponte que liga Cacimba de Dentro a Sol\u00e2nea e os reparos dos parapeitos da mesma."}, {"id": "98", "ano": "2022", "numero": "77", "tipo__sigla": "REQ", "tipo__descricao": "Requerimento", "autoria": "Nobinho Carvalho", "texto_original": "http://sapl.cacimbadedentro.pb.leg.br/media/sapl/public/materialegislativa/2022/98/requerimento_arnobio_006-2022_retificado.doc", "ementa": "Requer que seja criado CEO - Centro de Especialidade Odontol\u00f3gica neste Munic\u00edpio."}, {"id": "99", "ano": "2022", "numero": "78", "tipo__sigla": "REQ", "tipo__descricao": "Requerimento", "autoria": "Nobinho Carvalho", "texto_original": "http://sapl.cacimbadedentro.pb.leg.br/media/sapl/public/materialegislativa/2022/99/requerimento_arnobio_007-2022.doc", "ementa": "Requer um caminh\u00e3o Frigor\u00edfico para transporte de carnes."}, {"id": "102", "ano": "2022", "numero": "79", "tipo__sigla": "REQ", "tipo__descricao": "Requerimento", "autoria": "Nobinho Carvalho", "texto_original": "http://sapl.cacimbadedentro.pb.leg.br/media/", "ementa": "Requer a pavimenta\u00e7\u00e3o da rua do Por\u00e3o que inicia no Gin\u00e1sio Genival Gomes indo at\u00e9 a casa de Mitinha no Bairro Santo Ant\u00f4nio."}, {"id": "103", "ano": "2022", "numero": "80", "tipo__sigla": "REQ", "tipo__descricao": "Requerimento", "autoria": "Nobinho Carvalho", "texto_original": "http://sapl.cacimbadedentro.pb.leg.br/media/sapl/public/materialegislativa/2022/103/requerimento_arnobio_009-2022..doc", "ementa": "Requer que seja criado um Feriado Municipal no dia 08 de mar\u00e7o da cada ano em comemora\u00e7\u00e3o ao dia Internacional da Mulher."}, {"id": "104", "ano": "2022", "numero": "81", "tipo__sigla": "REQ", "tipo__descricao": "Requerimento", "autoria": "Nobinho Carvalho", "texto_original": "http://sapl.cacimbadedentro.pb.leg.br/media/sapl/public/materialegislativa/2022/104/requerimento_arnobio_010-2022.doc", "ementa": "Requer que seja feito uma passagem entre as ruas: Conjunto L\u00facia Braga e o Conjunto Velho. Ao lado do Bar de Flor\u00eancio."}, {"id": "105", "ano": "2022", "numero": "82", "tipo__sigla": "REQ", "tipo__descricao": "Requerimento", "autoria": "Reginaldo Rocha", "texto_original": "http://sapl.cacimbadedentro.pb.leg.br/media/", "ementa": "Requerem o pagamento do percentual de periculosidade/insalubridade aos T\u00e9cnicos de Enfermagem e Enfermeiros do munic\u00edpio."}, {"id": "38", "ano": "2022", "numero": "1", "tipo__sigla": "PL", "tipo__descricao": "Projeto de Lei", "autoria": "Neto de Baica", "texto_original": "http://sapl.cacimbadedentro.pb.leg.br/media/sapl/public/materialegislativa/2022/38/projeto_de_lei_-_neto.doc", "ementa": "Disp\u00f5e sobre a institui\u00e7\u00e3o de cartilha de orienta\u00e7\u00e3o para prevenir as quedas sofridas pelos idosos no munic\u00edpio de Cacimba de Dentro, Estado da Para\u00edba."}, {"id": "39", "ano": "2022", "numero": "2", "tipo__sigla": "PL", "tipo__descricao": "Projeto de Lei", "autoria": "Neto de Baica", "texto_original": "http://sapl.cacimbadedentro.pb.leg.br/media/sapl/public/materialegislativa/2022/39/projeto_de_lei_-_neto_curso_de_capacitacao_doc.doc", "ementa": "Disp\u00f5e sobre a institui\u00e7\u00e3o do Curso de Capacita\u00e7\u00e3o para Cuidadores de Idosos no munic\u00edpio de Cacimba de Dentro, Estado da Para\u00edba."}, {"id": "44", "ano": "2022", "numero": "3", "tipo__sigla": "PL", "tipo__descricao": "Projeto de Lei", "autoria": "Poder Executivo - PEM", "texto_original": "http://sapl.cacimbadedentro.pb.leg.br/media/sapl/public/materialegislativa/2022/44/projeto_de_lei_no008-2022.pdf", "ementa": "Autoriza o Poder Executivo a abrir cr\u00e9dito especial no or\u00e7amento de 2022."}, {"id": "45", "ano": "2022", "numero": "4", "tipo__sigla": "PL", "tipo__descricao": "Projeto de Lei", "autoria": "Neto de Baica", "texto_original": "http://sapl.cacimbadedentro.pb.leg.br/media/sapl/public/materialegislativa/2022/45/projeto_de_lei_-_neto_semana_do_ciclismo.doc", "ementa": "Institui a Semana Municipal do Ciclista no Munic\u00edpio de Cacimba de Dentro-PB."}, {"id": "46", "ano": "2022", "numero": "5", "tipo__sigla": "PL", "tipo__descricao": "Projeto de Lei", "autoria": "Neto de Baica", "texto_original": "http://sapl.cacimbadedentro.pb.leg.br/media/sapl/public/materialegislativa/2022/46/projeto_de_lei_-_neto_transmissao_de_licitacao.doc", "ementa": "Institui transmiss\u00e3o ao vivo de licita\u00e7\u00f5es promovidas pelo Poder Executivo e Legislativo municipais atrav\u00e9s da Internet e redes sociais de comunica\u00e7\u00e3o."}, {"id": "47", "ano": "2022", "numero": "6", "tipo__sigla": "PL", "tipo__descricao": "Projeto de Lei", "autoria": "Victor Hugo", "texto_original": "http://sapl.cacimbadedentro.pb.leg.br/media/sapl/public/materialegislativa/2022/47/projeto_de_lei_-_victor_hugo.pdf", "ementa": "Garante \u00e0 popula\u00e7\u00e3o acesso a informa~\u00e7oes sobre beneficiados por programas sociais da Prefeitura Municipal de Cacimba de Dentro-PB, atrav\u00e9s da internet no site da prefeitura ou outros meios de acesso livre \u00e0 popula\u00e7\u00e3o."}, {"id": "54", "ano": "2022", "numero": "7", "tipo__sigla": "PL", "tipo__descricao": "Projeto de Lei", "autoria": "Neto de Baica", "texto_original": "http://sapl.cacimbadedentro.pb.leg.br/media/sapl/public/materialegislativa/2022/54/projeto_de_lei_-_neto_guarda_municipal.doc", "ementa": "\"Autoriza estudo de viabilidade e projeto de cria\u00e7\u00e3o da Guarda Municipal no Munic\u00edpio de Cacimba de Dentro-PB e d\u00e1 outras provid\u00eancias.\""}, {"id": "86", "ano": "2022", "numero": "8", "tipo__sigla": "PL", "tipo__descricao": "Projeto de Lei", "autoria": "Poder Executivo - PEM", "texto_original": "http://sapl.cacimbadedentro.pb.leg.br/media/sapl/public/materialegislativa/2022/86/projeto_de_lei_no013-2022.pdf", "ementa": "LDO - Lei de Diretrizes Or\u00e7ament\u00e1rias"}, {"id": "87", "ano": "2022", "numero": "9", "tipo__sigla": "PL", "tipo__descricao": "Projeto de Lei", "autoria": "Victor Hugo", "texto_original": "http://sapl.cacimbadedentro.pb.leg.br/media/sapl/public/materialegislativa/2022/87/projeto_de_lei_no014-2022.pdf", "ementa": "Veda a nomea\u00e7\u00e3o para cargos em comiss\u00e3o e fun\u00e7\u00e3o de confian\u00e7a de pessoas que tenham sido condenadas pela Lei Federal 11.340/2006 (Lei Maria da Penha)."}, {"id": "40", "ano": "2022", "numero": "1", "tipo__sigla": "PDL", "tipo__descricao": "Projeto de Decreto Legislativo", "autoria": "Reginaldo Rocha", "texto_original": "http://sapl.cacimbadedentro.pb.leg.br/media/sapl/public/materialegislativa/2022/40/decreto_legislativo_-_reginaldo.doc", "ementa": "CONCEDE O T\u00cdTULO DE CIDAD\u00c3O HONOR\u00c1RIO DO MUNIC\u00cdPIO DE CACIMBA DE DENTRO-PB AO SENHOR FELIPE GOMES DA FONSECA."}, {"id": "91", "ano": "2022", "numero": "2", "tipo__sigla": "PDL", "tipo__descricao": "Projeto de Decreto Legislativo", "autoria": "Professora Dalvaneide", "texto_original": "http://sapl.cacimbadedentro.pb.leg.br/media/sapl/public/materialegislativa/2022/91/decreto_legislativo_-_dalvaneide.doc", "ementa": "CONCEDE O T\u00cdTULO DE CIDAD\u00c3O HONOR\u00c1RIO DO MUNIC\u00cdPIO DE CACIMBA DE DENTRO-PB AO DEPUTADO FEDERAL EFRAIM DE ARA\u00daJO MORAIS FILHO."}, {"id": "7", "ano": "2022", "numero": "2", "tipo__sigla": "PR", "tipo__descricao": "Projeto de Resolu\u00e7\u00e3o", "autoria": "Professora Dalvaneide", "texto_original": "http://sapl.cacimbadedentro.pb.leg.br/media/sapl/public/materialegislativa/2022/7/projeto_de_resolucao_-_dalvaneide.docx", "ementa": "Institui a leitura de um Vers\u00edculo B\u00edblico no in\u00edcio das Sess\u00f5es Ordin\u00e1rias e Extraordin\u00e1ria desta Casa Legislativa e adota outras provid\u00eancias."}, {"id": "26", "ano": "2022", "numero": "3", "tipo__sigla": "PR", "tipo__descricao": "Projeto de Resolu\u00e7\u00e3o", "autoria": "Tiago Pereira", "texto_original": "http://sapl.cacimbadedentro.pb.leg.br/media/sapl/public/materialegislativa/2022/26/projeto_de_resolucao_05-2022.docx", "ementa": "Institui Sess\u00e3o Solene, no plen\u00e1rio desta Casa, no dia 08 de mar\u00e7o, em homenagem ao Dia Internacional da Mulher no \u00e2mbito deste munic\u00edpio e d\u00e1 outras provid\u00eancias."}, {"id": "89", "ano": "2022", "numero": "4", "tipo__sigla": "PR", "tipo__descricao": "Projeto de Resolu\u00e7\u00e3o", "autoria": "Tiago Pereira", "texto_original": "http://sapl.cacimbadedentro.pb.leg.br/media/sapl/public/materialegislativa/2022/89/projeto_de_resolucao_no007-2022.pdf", "ementa": "Autoriza doa\u00e7\u00e3o de bens m\u00f3veis e equipamentos utiliz\u00e1veis do Poder Legislativo."}, {"id": "90", "ano": "2022", "numero": "5", "tipo__sigla": "PR", "tipo__descricao": "Projeto de Resolu\u00e7\u00e3o", "autoria": "Tiago Pereira", "texto_original": "http://sapl.cacimbadedentro.pb.leg.br/media/sapl/public/materialegislativa/2022/90/projeto_de_resolucao_no008-2022.pdf", "ementa": "Autoriza descarte de bens m\u00f3veis e equipamentos inserv\u00edveis do Poder Legislativo."}]}