{"id":9,"__str__":"Requerimento n\u00ba 3 de 2022","link_detail_backend":"/materia/9","metadata":{},"numero":3,"ano":2022,"numero_protocolo":3,"data_apresentacao":"2022-03-04","tipo_apresentacao":"E","data_publicacao":null,"numero_origem_externa":"","ano_origem_externa":null,"data_origem_externa":null,"apelido":"","dias_prazo":null,"data_fim_prazo":null,"em_tramitacao":false,"polemica":false,"objeto":"","complementar":false,"ementa":"Designa\u00e7\u00e3o de profissionais da sa\u00fade para acompanhamento de pacientes com quadro de Di\u00e1lises, no \u00e2mbito deste munic\u00edpio.","indexacao":"","observacao":"","resultado":"","texto_original":"http://sapl.cacimbadedentro.pb.leg.br/media/sapl/public/materialegislativa/2022/9/requerimento_no001-2022_tiago_pereira.pdf","data_ultima_atualizacao":"2022-03-04T10:55:46.823445-03:00","ip":"177.86.181.196","ultima_edicao":"2022-03-04T10:55:46.725840-03:00","tipo":1,"regime_tramitacao":1,"tipo_origem_externa":null,"local_origem_externa":null,"user":16,"anexadas":[],"autores":[1]}