{"id":8,"__str__":"Requerimento n\u00ba 2 de 2022","link_detail_backend":"/materia/8","metadata":{},"numero":2,"ano":2022,"numero_protocolo":6,"data_apresentacao":"2022-03-04","tipo_apresentacao":"E","data_publicacao":null,"numero_origem_externa":"","ano_origem_externa":null,"data_origem_externa":null,"apelido":"","dias_prazo":null,"data_fim_prazo":null,"em_tramitacao":false,"polemica":false,"objeto":"","complementar":false,"ementa":"Promulga\u00e7\u00e3o de lei com redu\u00e7\u00e3o da carga hor\u00e1ria de servidores p\u00fablicos municipais que cuidam de pessoas portadoras de defici\u00eancia ou necessidade especial.","indexacao":"","observacao":"","resultado":"","texto_original":"http://sapl.cacimbadedentro.pb.leg.br/media/sapl/public/materialegislativa/2022/8/requerimento_dalvaneide_e_clidenor.doc","data_ultima_atualizacao":"2022-03-04T10:58:20.955524-03:00","ip":"177.86.181.196","ultima_edicao":"2022-03-04T10:58:20.863989-03:00","tipo":1,"regime_tramitacao":1,"tipo_origem_externa":null,"local_origem_externa":null,"user":16,"anexadas":[],"autores":[10]}