{"id":50,"__str__":"Requerimento n\u00ba 36 de 2022","link_detail_backend":"/materia/50","metadata":{},"numero":36,"ano":2022,"numero_protocolo":47,"data_apresentacao":"2022-04-01","tipo_apresentacao":"E","data_publicacao":null,"numero_origem_externa":"","ano_origem_externa":null,"data_origem_externa":null,"apelido":"","dias_prazo":null,"data_fim_prazo":null,"em_tramitacao":false,"polemica":false,"objeto":"","complementar":false,"ementa":"Requer o retorno da feira livre para rua principal, em frente a Igreja Cat\u00f3lica at\u00e9 as imedia\u00e7\u00f5es do mercado de Francinaldo.","indexacao":"","observacao":"","resultado":"","texto_original":"http://sapl.cacimbadedentro.pb.leg.br/media/sapl/public/materialegislativa/2022/50/requerimento_clemilson_-_espaco_da_feira_livre.doc","data_ultima_atualizacao":"2022-04-01T11:36:54.970136-03:00","ip":"177.86.181.196","ultima_edicao":"2022-04-01T11:36:54.969819-03:00","tipo":1,"regime_tramitacao":1,"tipo_origem_externa":null,"local_origem_externa":null,"user":16,"anexadas":[],"autores":[14]}