{"id":26,"__str__":"Projeto de Resolu\u00e7\u00e3o n\u00ba 3 de 2022","link_detail_backend":"/materia/26","metadata":{},"numero":3,"ano":2022,"numero_protocolo":22,"data_apresentacao":"2022-03-11","tipo_apresentacao":"E","data_publicacao":null,"numero_origem_externa":"","ano_origem_externa":null,"data_origem_externa":null,"apelido":"","dias_prazo":null,"data_fim_prazo":null,"em_tramitacao":false,"polemica":false,"objeto":"","complementar":false,"ementa":"Institui Sess\u00e3o Solene, no plen\u00e1rio desta Casa, no dia 08 de mar\u00e7o, em homenagem ao Dia Internacional da Mulher no \u00e2mbito deste munic\u00edpio e d\u00e1 outras provid\u00eancias.","indexacao":"","observacao":"","resultado":"","texto_original":"http://sapl.cacimbadedentro.pb.leg.br/media/sapl/public/materialegislativa/2022/26/projeto_de_resolucao_05-2022.docx","data_ultima_atualizacao":"2022-03-11T10:41:01.926529-03:00","ip":"177.86.181.196","ultima_edicao":"2022-03-11T10:20:16.561948-03:00","tipo":4,"regime_tramitacao":1,"tipo_origem_externa":null,"local_origem_externa":null,"user":16,"anexadas":[],"autores":[1]}