{"id":172,"__str__":"Requerimento n\u00ba 41 de 2023","link_detail_backend":"/materia/172","metadata":{},"numero":41,"ano":2023,"numero_protocolo":172,"data_apresentacao":"2023-09-15","tipo_apresentacao":"E","data_publicacao":null,"numero_origem_externa":"","ano_origem_externa":null,"data_origem_externa":null,"apelido":"","dias_prazo":null,"data_fim_prazo":null,"em_tramitacao":false,"polemica":false,"objeto":"","complementar":false,"ementa":"Celebra\u00e7\u00e3o de acordo com a UEPB para instala\u00e7\u00e3o de um p\u00f3lo EAD no munic\u00edpio.","indexacao":"","observacao":"","resultado":"","texto_original":"http://sapl.cacimbadedentro.pb.leg.br/media/sapl/public/materialegislativa/2023/172/requerimento_no_08-2023_tiago.pdf","data_ultima_atualizacao":"2023-09-15T17:01:16.330246-03:00","ip":"45.225.229.29","ultima_edicao":"2023-09-15T17:01:16.328256-03:00","tipo":1,"regime_tramitacao":1,"tipo_origem_externa":null,"local_origem_externa":null,"user":16,"anexadas":[],"autores":[1]}