{"id":126,"__str__":"Requerimento n\u00ba 15 de 2023","link_detail_backend":"/materia/126","metadata":{},"numero":15,"ano":2023,"numero_protocolo":125,"data_apresentacao":"2023-03-30","tipo_apresentacao":"O","data_publicacao":null,"numero_origem_externa":"","ano_origem_externa":null,"data_origem_externa":null,"apelido":"","dias_prazo":null,"data_fim_prazo":null,"em_tramitacao":false,"polemica":false,"objeto":"","complementar":false,"ementa":"REQUER a nomea\u00e7\u00e3o da Rua Projetada, situada no Conjunto Frei Dami\u00e3o I, a qual passar\u00e1 a se chamar Alain Delon.","indexacao":"","observacao":"","resultado":"","texto_original":"http://sapl.cacimbadedentro.pb.leg.br/media/sapl/public/materialegislativa/2023/126/requerimento_dalvaneide.doc","data_ultima_atualizacao":"2023-03-30T11:09:40.975632-03:00","ip":"45.225.229.29","ultima_edicao":"2023-03-30T11:09:40.975111-03:00","tipo":1,"regime_tramitacao":1,"tipo_origem_externa":null,"local_origem_externa":null,"user":16,"anexadas":[],"autores":[10]}